{"id":5622,"date":"2024-02-02T17:44:36","date_gmt":"2024-02-02T19:44:36","guid":{"rendered":"https:\/\/apotekar-online.rs\/?p=5622"},"modified":"2024-02-02T17:44:37","modified_gmt":"2024-02-02T19:44:37","slug":"pro-beta-glukan-mindentol-eltero","status":"publish","type":"post","link":"https:\/\/apotekar-online.rs\/hu\/pro-beta-glukan-drugaciji-od-svih\/","title":{"rendered":"Pro b\u00e9ta gl\u00fck\u00e1n, minden m\u00e1st\u00f3l elt\u00e9r\u0151en"},"content":{"rendered":"<p>Sz\u00e1mos tanulm\u00e1ny igazolta a b\u00e9ta-gl\u00fck\u00e1n immunmodul\u00e1l\u00f3 hat\u00e1s\u00e1t az immunrendszerre<\/p>\n\n\n\n<p>A b\u00e9ta-gl\u00fck\u00e1n hat\u00e1smechanizmusa a makrof\u00e1gok aktiv\u00e1l\u00e1sa, amelyek megtal\u00e1lj\u00e1k, felismerik \u00e9s elpuszt\u00edtj\u00e1k a k\u00f3rokoz\u00f3kat \u00e9s idegen testeket a szervezetben, \u00e9s k\u00f6zvetve fokozz\u00e1k a v\u00e9d\u0151anyagok kiv\u00e1laszt\u00e1s\u00e1t az immunv\u00e1lasz folyamat\u00e1ban.<\/p>\n\n\n\n<p>Fontos tudni, hogy nem minden b\u00e9ta-gl\u00fck\u00e1n egyforma. Fel\u00e9p\u00edt\u00e9s\u00fck rendk\u00edv\u00fcl fontos, mert nagyon elt\u00e9r\u0151 immunfarmakol\u00f3giai hat\u00e1st v\u00e1lt ki.<\/p>\n\n\n\n<p>Az \u00e9leszt\u0151b\u0151l sz\u00e1rmaz\u00f3 b\u00e9ta-gl\u00fck\u00e1nok hatnak a leger\u0151sebben az immunv\u00e1laszra, azaz immunmodul\u00e1ci\u00f3t v\u00e9geznek.<\/p>\n\n\n\n<p>Az immunmodul\u00e1l\u00f3 hat\u00e1s az immunrendszer stimul\u00e1l\u00e1sa immunsejtek (leukocit\u00e1k \u00e9s limfocit\u00e1k) termel\u00e9s\u00e9re, mik\u00f6zben cs\u00f6kkenti annak helytelen hat\u00e1s\u00e1t, azaz cs\u00f6kkenti a gazdasejtekre \u00e9s sz\u00f6vetekre adott autoimmun v\u00e1laszt.<\/p>\n\n\n\n<p>Jelenlegi ismeretek a Saccharomycescerevisiae \u00e9leszt\u0151gomb\u00e1b\u00f3l sz\u00e1rmaz\u00f3 b\u00e9ta-gl\u00fck\u00e1n hat\u00e1s\u00e1r\u00f3l:<\/p>\n\n\n\n<ul class=\"wp-block-list\">\n<li>A velesz\u00fcletett immunrendszer er\u0151s\u00edt\u00e9se a PRR receptorokkal val\u00f3 interakci\u00f3 r\u00e9v\u00e9n<\/li>\n\n\n\n<li>Az influenza \u00e9s a megf\u00e1z\u00e1s t\u00fcneteinek cs\u00f6kkent\u00e9se a fert\u0151z\u00e9s els\u0151 7 napj\u00e1ban<\/li>\n\n\n\n<li>A l\u00e9g\u00fati fert\u0151z\u00e9sek alacsonyabb gyakoris\u00e1ga<\/li>\n\n\n\n<li>A megf\u00e1z\u00e1sok cs\u00f6kkent\u00e9se 25%-vel<\/li>\n\n\n\n<li>A fels\u0151 l\u00e9g\u00fati gyullad\u00e1s t\u00fcneteinek cs\u00f6kkent\u00e9se<\/li>\n\n\n\n<li>A t\u00fcnetek enyh\u00edt\u00e9se \u00e9s az influenza hal\u00e1loz\u00e1s\u00e1nak cs\u00f6kkent\u00e9se<\/li>\n\n\n\n<li>Fels\u0151 l\u00e9g\u00fati betegs\u00e9gek id\u0151tartam\u00e1nak ler\u00f6vid\u00edt\u00e9se id\u0151sekn\u00e9l (50-70 g)<\/li>\n\n\n\n<li>J\u00f3t\u00e9kony hat\u00e1ssal van az allergi\u00e1ra, cs\u00f6kkenti a t\u00fcneteket<\/li>\n<\/ul>\n\n\n\n<p>Csak egy van h\u00e1romszoros immunv\u00e9delemmel, ez pedig a Pro b\u00e9ta-gl\u00fck\u00e1n.<\/p>\n\n\n\n<p>Fogalmaz\u00e1s:<\/p>\n\n\n\n<ul class=\"wp-block-list\">\n<li>Saccharomyces cerevisiae \u00e9leszt\u0151kivonat 1630mg\n<ul class=\"wp-block-list\">\n<li>Ebb\u0151l a nagy tisztas\u00e1g\u00fa b\u00e9ta-1,3\/1,6-D-gl\u00fck\u00e1nb\u00f3l 1275 mg<\/li>\n<\/ul>\n<\/li>\n\n\n\n<li>Tyndaliz\u00e1lt tejsavbakt\u00e9riumok teny\u00e9szt\u00e9se Streptococcus thermophilus HA-110 legal\u00e1bb 1 milli\u00e1rd<\/li>\n\n\n\n<li>C-vitamin 200 mg (250% PDU)<\/li>\n\n\n\n<li>D-vitamin 5 \u00b5g (100% PDU)<\/li>\n\n\n\n<li>Cink 10 mg (100% PDU)<\/li>\n<\/ul>\n\n\n\n<p>A Pro Beta Glucan\u00ae1275 mg sz\u00e9les hat\u00e1sspektrummal rendelkezik, mivel a b\u00e9ta-gl\u00fck\u00e1n j\u00f3 bakt\u00e9riumokkal, cinkkel, valamint C- \u00e9s D-vitaminnal kombin\u00e1ci\u00f3ja. Ily m\u00f3don a hat\u00e1s meger\u0151s\u00f6dik \u00e9s kiterjed mindazon t\u00e9nyez\u0151kre, amelyek befoly\u00e1solj\u00e1k az a szervezet \u00e1ltal\u00e1nos \u00e1llapota, amely teljes v\u00e9delmet biztos\u00edt sz\u00e1m\u00e1ra:<\/p>\n\n\n\n<ul class=\"wp-block-list\">\n<li>v\u00edrusokt\u00f3l, bakt\u00e9riumokt\u00f3l,<\/li>\n\n\n\n<li>k\u00fcl\u00f6nb\u00f6z\u0151 okok miatti kimer\u00fcl\u00e9s,<\/li>\n\n\n\n<li>fesz\u00fclts\u00e9g,<\/li>\n\n\n\n<li>valamint allergi\u00e1val is.<\/li>\n<\/ul>\n\n\n\n<p>A nagy tisztas\u00e1g\u00fa b\u00e9ta-gl\u00fck\u00e1n teljes napi adagja 1275 mg.<\/p>\n\n\n\n<p>A Pro b\u00e9ta-gl\u00fck\u00e1n egy ferment\u00e1lt b\u00e9ta-gl\u00fck\u00e1n j\u00f3 bakt\u00e9riumokkal, a Streptococcus thermophilus HA-110 tyndaliz\u00e1lt tejsavbakt\u00e9rium teny\u00e9szet\u00e9t tartalmazza.<\/p>\n\n\n\n<p>A b\u00e9ta-gl\u00fck\u00e1n \u00e9s a probiotikumok szinergi\u00e1ja:<\/p>\n\n\n\n<ul class=\"wp-block-list\">\n<li>Tapad\u00e1s a b\u00e9lh\u00e1mhoz<\/li>\n\n\n\n<li>A k\u00f3rokoz\u00f3 mikroorganizmusok n\u00f6veked\u00e9s\u00e9nek g\u00e1tl\u00e1sa<\/li>\n\n\n\n<li>Immunmodul\u00e1l\u00f3 hat\u00e1s<\/li>\n\n\n\n<li>Gyullad\u00e1scs\u00f6kkent\u0151 hat\u00e1s<\/li>\n<\/ul>\n\n\n\n<p>Napi adag antioxid\u00e1ns - C-vitamin, cink \u00e9s D-vitamin - hozz\u00e1j\u00e1rul az immunrendszer norm\u00e1l m\u0171k\u00f6d\u00e9s\u00e9hez.<\/p>\n\n\n\n<p>Referenci\u00e1k:<\/p>\n\n\n\n<p>Murphy, EJ; Rezoagli, E.; \u0151rnagy, I.; Rowan, N.; Laffey, JG \u03b2-Glucans. Encyclopedia 2021, 1, 831-847. Tanita Dharsono, Karolina Rudnicka, Manfred Wilhelm \u00e9s Christiane Schoen (2019): Az \u00e9leszt\u0151 (1,3)-(1,6)-b\u00e9ta-gl\u00fck\u00e1n hat\u00e1sa a fels\u0151 l\u00e9g\u00fati fert\u0151z\u00e9sek s\u00falyoss\u00e1g\u00e1ra: kett\u0151s vak,<\/p>","protected":false},"excerpt":{"rendered":"<p>Brojnim istra\u017eivanjima dokazano je imunomodulatorno dejstvo beta glukana na imuni sistem Mehanizam delovanja beta glukana je aktivacija makrofaga koji pronalaze, prepoznaju i uni\u0161tavaju uzro\u010dnike bolesti i strana tela u organizmu i indirektno pove\u0107avaju izlu\u010divanje za\u0161titinih supstanci u procesu imunolo\u0161kog odgovora. Va\u017eno je znati da nisu svi beta glukani jednaki. Njihova stuktura je od izuzetne va\u017enosti, [&hellip;]<\/p>\n","protected":false},"author":1,"featured_media":5623,"comment_status":"closed","ping_status":"closed","sticky":false,"template":"","format":"standard","meta":{"_jetpack_memberships_contains_paid_content":false,"footnotes":""},"categories":[361],"tags":[],"class_list":["post-5622","post","type-post","status-publish","format-standard","has-post-thumbnail","hentry","category-saveti"],"featured_image_src":"https:\/\/apotekar-online.rs\/wp-content\/uploads\/2024\/02\/c055896-f67252d4-1024x597.jpg","blog_images":{"medium":"https:\/\/apotekar-online.rs\/wp-content\/uploads\/2024\/02\/c055896-f67252d4-300x175.jpg","large":"https:\/\/apotekar-online.rs\/wp-content\/uploads\/2024\/02\/c055896-f67252d4-1024x597.jpg"},"ams_acf":[],"jetpack_featured_media_url":"https:\/\/apotekar-online.rs\/wp-content\/uploads\/2024\/02\/c055896-f67252d4.jpg","jetpack_sharing_enabled":true,"_links":{"self":[{"href":"https:\/\/apotekar-online.rs\/hu\/wp-json\/wp\/v2\/posts\/5622","targetHints":{"allow":["GET"]}}],"collection":[{"href":"https:\/\/apotekar-online.rs\/hu\/wp-json\/wp\/v2\/posts"}],"about":[{"href":"https:\/\/apotekar-online.rs\/hu\/wp-json\/wp\/v2\/types\/post"}],"author":[{"embeddable":true,"href":"https:\/\/apotekar-online.rs\/hu\/wp-json\/wp\/v2\/users\/1"}],"replies":[{"embeddable":true,"href":"https:\/\/apotekar-online.rs\/hu\/wp-json\/wp\/v2\/comments?post=5622"}],"version-history":[{"count":1,"href":"https:\/\/apotekar-online.rs\/hu\/wp-json\/wp\/v2\/posts\/5622\/revisions"}],"predecessor-version":[{"id":5624,"href":"https:\/\/apotekar-online.rs\/hu\/wp-json\/wp\/v2\/posts\/5622\/revisions\/5624"}],"wp:featuredmedia":[{"embeddable":true,"href":"https:\/\/apotekar-online.rs\/hu\/wp-json\/wp\/v2\/media\/5623"}],"wp:attachment":[{"href":"https:\/\/apotekar-online.rs\/hu\/wp-json\/wp\/v2\/media?parent=5622"}],"wp:term":[{"taxonomy":"category","embeddable":true,"href":"https:\/\/apotekar-online.rs\/hu\/wp-json\/wp\/v2\/categories?post=5622"},{"taxonomy":"post_tag","embeddable":true,"href":"https:\/\/apotekar-online.rs\/hu\/wp-json\/wp\/v2\/tags?post=5622"}],"curies":[{"name":"wp","href":"https:\/\/api.w.org\/{rel}","templated":true}]}}